{"id":2545,"date":"2026-03-12T15:32:29","date_gmt":"2026-03-12T21:32:29","guid":{"rendered":"https:\/\/rockymassv.com\/web\/?p=2545"},"modified":"2026-03-12T15:32:31","modified_gmt":"2026-03-12T21:32:31","slug":"la-cultura-se-toma-las-calles-de-san-salvador-en-la-nuit-blanche-2026","status":"publish","type":"post","link":"https:\/\/rockymassv.com\/web\/index.php\/2026\/03\/12\/la-cultura-se-toma-las-calles-de-san-salvador-en-la-nuit-blanche-2026\/","title":{"rendered":"La cultura se toma las calles de San Salvador en la Nuit Blanche 2026"},"content":{"rendered":"\n<p>La Nuit Blanche (Noche blanca) San Salvador celebra 10 a\u00f1os en la capital salvadore\u00f1a el s\u00e1bado 14 de marzo, llevando la cultura a las calles y reuniendo a la comunidad alrededor de una noche llena de arte, creatividad y diversidad cultural. Inspirado en la emblem\u00e1tica Nuit Blanche de Par\u00eds, el evento transforma el espacio p\u00fablico en un escenario vibrante y accesible para todas las edades, invitando a los asistentes a explorar la riqueza cultural de la ciudad.<\/p>\n\n\n\n<p><strong>Una oferta cultural din\u00e1mica y variada<\/strong><\/p>\n\n\n\n<p>M\u00e1s de 30 sedes participar\u00e1n en la Nuit Blanche 2026, proponiendo actividades en museos, centros culturales, galer\u00edas, espacio p\u00fablico, bares y restaurantes de la colonia San Benito. Durante m\u00e1s de nueve horas ininterrumpidas \u2014de 4:30 p.m. a 2:00 a.m.\u2014 el p\u00fablico podr\u00e1 recorrer un amplio circuito cultural gratuito que integra artes visuales, m\u00fasica, danza, performance, audiovisuales, literatura y propuestas gastron\u00f3micas.<\/p>\n\n\n\n<p>El objetivo es invitar al p\u00fablico a conectarse con la cultura como un proceso vivo y en transformaci\u00f3n, reflejo de la diversidad y riqueza de las expresiones art\u00edsticas salvadore\u00f1as. La organizaci\u00f3n, liderada por la Alianza Francesa de San Salvador y la Embajada de Francia en El Salvador, cuenta con el apoyo de instituciones del Estado salvadore\u00f1o como la Secretar\u00eda de Cultura de la Alcald\u00eda de San Salvador Centro, el Ministerio de Turismo de El Salvador y CORSATUR.<\/p>\n\n\n\n<p>La organizaci\u00f3n art\u00edstica es posible gracias al trabajo en comit\u00e9 de aliados culturales como AKULTURA, Presidente Plaza, CENTRARTE, Sociedad Dante Alighieri, Embajada de M\u00e9xico, Fundamides y Museo de Arte de El Salvador.<\/p>\n\n\n\n<figure class=\"wp-block-image size-large\"><img fetchpriority=\"high\" decoding=\"async\" width=\"819\" height=\"1024\" src=\"https:\/\/rockymassv.com\/web\/wp-content\/uploads\/2026\/03\/04-Paradisko-cerrara-la-Nuit-Blanche-con-una-fiesta-al-aire-libre-en-Presidente-Plaza-819x1024.png\" alt=\"\" class=\"wp-image-2547\" srcset=\"https:\/\/rockymassv.com\/web\/wp-content\/uploads\/2026\/03\/04-Paradisko-cerrara-la-Nuit-Blanche-con-una-fiesta-al-aire-libre-en-Presidente-Plaza-819x1024.png 819w, https:\/\/rockymassv.com\/web\/wp-content\/uploads\/2026\/03\/04-Paradisko-cerrara-la-Nuit-Blanche-con-una-fiesta-al-aire-libre-en-Presidente-Plaza-240x300.png 240w, https:\/\/rockymassv.com\/web\/wp-content\/uploads\/2026\/03\/04-Paradisko-cerrara-la-Nuit-Blanche-con-una-fiesta-al-aire-libre-en-Presidente-Plaza-768x960.png 768w, https:\/\/rockymassv.com\/web\/wp-content\/uploads\/2026\/03\/04-Paradisko-cerrara-la-Nuit-Blanche-con-una-fiesta-al-aire-libre-en-Presidente-Plaza-150x188.png 150w, https:\/\/rockymassv.com\/web\/wp-content\/uploads\/2026\/03\/04-Paradisko-cerrara-la-Nuit-Blanche-con-una-fiesta-al-aire-libre-en-Presidente-Plaza-450x563.png 450w, https:\/\/rockymassv.com\/web\/wp-content\/uploads\/2026\/03\/04-Paradisko-cerrara-la-Nuit-Blanche-con-una-fiesta-al-aire-libre-en-Presidente-Plaza-600x750.png 600w, https:\/\/rockymassv.com\/web\/wp-content\/uploads\/2026\/03\/04-Paradisko-cerrara-la-Nuit-Blanche-con-una-fiesta-al-aire-libre-en-Presidente-Plaza.png 1080w\" sizes=\"(max-width: 819px) 100vw, 819px\" \/><\/figure>\n\n\n\n<p><strong>Programaci\u00f3n destacada<\/strong><\/p>\n\n\n\n<p><strong>Escenario Nuit Blanche 2026<\/strong><\/p>\n\n\n\n<p>Este a\u00f1o, la inauguraci\u00f3n del evento ser\u00e1 a las 4:30 p.m. en el escenario Nuit Blanche, instalado en el parqueo externo de Presidente Plaza, a cargo de la banda francesa de jazz manouche Minor Sing.<\/p>\n\n\n\n<p>El programa de este escenario incluye adem\u00e1s las presentaciones art\u00edsticas de \u201cLos Historiantes de San Antonio Abad, la compa\u00f1\u00eda de danza Flor de Caf\u00e9, la banda de rock Suddenly, la Orquesta Ritmo Juvenil, un colectivo de danza independiente con ConTextos.<\/p>\n\n\n\n<p>La noche culminar\u00e1 con un concierto de clausura a las 11:00 p.m. con la banda Los Tachos y una fiesta al aire libre con Paradisko, d\u00fao de dj compuesto por Karenina y Tony Mango.<\/p>\n\n\n\n<p><strong>Circuito cultural en San Benito<\/strong><\/p>\n\n\n\n<p>La Nuit Blanche incluye recorridos por los centros culturales de San Benito, con exposiciones de artes pl\u00e1sticas, audiovisuales, artes esc\u00e9nicas, instalaciones art\u00edsticas, danza y gastronom\u00eda.<\/p>\n\n\n\n<p><strong>Experiencias culturales en el espacio p\u00fablico<\/strong><\/p>\n\n\n\n<p>Un pilar fundamental de la Nuit Blanche es la apropiaci\u00f3n del espacio p\u00fablico a trav\u00e9s de las artes. Este a\u00f1o, la programaci\u00f3n de calle incluye conciertos, intervenciones art\u00edsticas, actividades deportivas y exposiciones de realidad aumentada.<\/p>\n\n\n\n<p><strong>Informaci\u00f3n en la web<\/strong><\/p>\n\n\n\n<p>Encuentra todo el programa cultural de Nuit Blanche en www.nuitblanche.sv<\/p>\n\n\n\n<p>Informaci\u00f3n en directo desde la cuenta Instagram @nuitblanchesv<\/p>\n\n\n\n<p>Comparte tus fotos y videos con el hashtag #nuitblanchesv<\/p>\n\n\n\n<p><strong>Transportes durante la Nuit Blanche<\/strong><\/p>\n\n\n\n<p>Transportes gratis en el circuito Nuit Blanche, gracias a Secretar\u00eda de cultura de San Salvador Centro, L\u00ednea ejecutiva y CORSATUR.<\/p>\n\n\n\n<p>Paradas de buses: Presidente Plaza, Embajada de M\u00e9xico, Museo Nacional de Antropolog\u00eda, Century Tower, Alianza Francesa y Plaza Espacio.<\/p>\n\n\n\n<p>Adem\u00e1s, habr\u00e1 alquiler de scooters, pr\u00e9stamo gratuito de bicicletas y Caminatas culturales en San Benito.<\/p>\n\n\n\n<p><strong>\u00a1Invitamos a todos los amantes de la cultura a tomar las calles y celebrar juntos la Nuit Blanche 2026!<\/strong><\/p>\n","protected":false},"excerpt":{"rendered":"<p>La Nuit Blanche (Noche blanca) San Salvador celebra 10 a\u00f1os en la capital salvadore\u00f1a el s\u00e1bado 14 de marzo, llevando la cultura a las calles y reuniendo a la comunidad alrededor de una noche llena de arte, creatividad y diversidad cultural. Inspirado en la emblem\u00e1tica Nuit Blanche de Par\u00eds, el evento transforma el espacio p\u00fablico<\/p>\n","protected":false},"author":2,"featured_media":2546,"comment_status":"open","ping_status":"open","sticky":false,"template":"","format":"standard","meta":{"footnotes":""},"categories":[542,24],"tags":[227,545,543,546,544],"class_list":{"0":"post-2545","1":"post","2":"type-post","3":"status-publish","4":"format-standard","5":"has-post-thumbnail","7":"category-cultura","8":"category-portada","9":"tag-los-tachos","10":"tag-minor-sing","11":"tag-nuit-blanche","12":"tag-paradisko","13":"tag-suddenly"},"_links":{"self":[{"href":"https:\/\/rockymassv.com\/web\/index.php\/wp-json\/wp\/v2\/posts\/2545","targetHints":{"allow":["GET"]}}],"collection":[{"href":"https:\/\/rockymassv.com\/web\/index.php\/wp-json\/wp\/v2\/posts"}],"about":[{"href":"https:\/\/rockymassv.com\/web\/index.php\/wp-json\/wp\/v2\/types\/post"}],"author":[{"embeddable":true,"href":"https:\/\/rockymassv.com\/web\/index.php\/wp-json\/wp\/v2\/users\/2"}],"replies":[{"embeddable":true,"href":"https:\/\/rockymassv.com\/web\/index.php\/wp-json\/wp\/v2\/comments?post=2545"}],"version-history":[{"count":1,"href":"https:\/\/rockymassv.com\/web\/index.php\/wp-json\/wp\/v2\/posts\/2545\/revisions"}],"predecessor-version":[{"id":2548,"href":"https:\/\/rockymassv.com\/web\/index.php\/wp-json\/wp\/v2\/posts\/2545\/revisions\/2548"}],"wp:featuredmedia":[{"embeddable":true,"href":"https:\/\/rockymassv.com\/web\/index.php\/wp-json\/wp\/v2\/media\/2546"}],"wp:attachment":[{"href":"https:\/\/rockymassv.com\/web\/index.php\/wp-json\/wp\/v2\/media?parent=2545"}],"wp:term":[{"taxonomy":"category","embeddable":true,"href":"https:\/\/rockymassv.com\/web\/index.php\/wp-json\/wp\/v2\/categories?post=2545"},{"taxonomy":"post_tag","embeddable":true,"href":"https:\/\/rockymassv.com\/web\/index.php\/wp-json\/wp\/v2\/tags?post=2545"}],"curies":[{"name":"wp","href":"https:\/\/api.w.org\/{rel}","templated":true}]}}