{"id":2659,"date":"2026-04-27T11:02:05","date_gmt":"2026-04-27T17:02:05","guid":{"rendered":"https:\/\/rockymassv.com\/web\/?p=2659"},"modified":"2026-04-27T11:04:31","modified_gmt":"2026-04-27T17:04:31","slug":"hagamos-ruido-nomade","status":"publish","type":"post","link":"https:\/\/rockymassv.com\/web\/index.php\/2026\/04\/27\/hagamos-ruido-nomade\/","title":{"rendered":"Hagamos Ruido: N\u00f3made"},"content":{"rendered":"\n<p>Con una identidad sonora que transita entre el funk, el jazz y el ambient, N\u00f3made se posiciona como una de las propuestas m\u00e1s sofisticadas de la m\u00fasica local. Nos reunimos con ellos para explorar su universo creativo.<\/p>\n\n\n\n<p><strong>Para que la gente los conozca un poco m\u00e1s \u00bfQui\u00e9nes son N\u00f3made y c\u00f3mo surge el proyecto?<\/strong><\/p>\n\n\n\n<p>El proyecto surge en pandemia en pleno 2020, de una colecci\u00f3n de canciones guardadas, Actualmente Claudia Salda\u00f1a en bater\u00eda, Jim L\u00f3pez nos ayuda con el Bajo, Mike Gonz\u00e1les en el piano y Roberto Torres como guitarra y voz principal.<\/p>\n\n\n\n<p><strong>Su sonido tiene mucho de chill, pero \u00bfCu\u00e1les son las influencias de la banda?<\/strong><\/p>\n\n\n\n<p>Somos una ensalada de g\u00e9neros musicales, la verdad, intentamos hacer un h\u00edbrido a la hora de armar las canciones. Generalmente siempre se comienza con un boceto a guitarra ac\u00fastica y ah\u00ed empieza a tomar forma.<\/p>\n\n\n\n<figure class=\"wp-block-image size-full\"><img fetchpriority=\"high\" decoding=\"async\" width=\"810\" height=\"580\" src=\"https:\/\/rockymassv.com\/web\/wp-content\/uploads\/2026\/04\/bfe95b88-0db5-4951-a4fe-0a2ca083d5ac.jpg\" alt=\"\" class=\"wp-image-2660\" srcset=\"https:\/\/rockymassv.com\/web\/wp-content\/uploads\/2026\/04\/bfe95b88-0db5-4951-a4fe-0a2ca083d5ac.jpg 810w, https:\/\/rockymassv.com\/web\/wp-content\/uploads\/2026\/04\/bfe95b88-0db5-4951-a4fe-0a2ca083d5ac-300x215.jpg 300w, https:\/\/rockymassv.com\/web\/wp-content\/uploads\/2026\/04\/bfe95b88-0db5-4951-a4fe-0a2ca083d5ac-768x550.jpg 768w, https:\/\/rockymassv.com\/web\/wp-content\/uploads\/2026\/04\/bfe95b88-0db5-4951-a4fe-0a2ca083d5ac-150x107.jpg 150w, https:\/\/rockymassv.com\/web\/wp-content\/uploads\/2026\/04\/bfe95b88-0db5-4951-a4fe-0a2ca083d5ac-450x322.jpg 450w, https:\/\/rockymassv.com\/web\/wp-content\/uploads\/2026\/04\/bfe95b88-0db5-4951-a4fe-0a2ca083d5ac-600x430.jpg 600w\" sizes=\"(max-width: 810px) 100vw, 810px\" \/><\/figure>\n\n\n\n<p><strong>Hablennos de su Live Session que compartieron semanas atr\u00e1s en YouTube \u00bfD\u00f3nde lo grabaron y qu\u00e9 experiencias les deja?<\/strong><\/p>\n\n\n\n<p>La grabamos en La F\u00e1brica LFBK, es un espacio de creaci\u00f3n donde hay muchos artistas importantes, entre ellos Gabriel Granadino y \u00e9l nos prest\u00f3 su espacio para hacerlo, Estudio Vista Alegre. La experiencia nos dej\u00f3 con m\u00e1s ganas de ese formato, lo disfrutamos mucho.<\/p>\n\n\n\n<p><strong>Finalmente \u00bfQu\u00e9 hay para N\u00f3made en el futuro pr\u00f3ximo?<\/strong><\/p>\n\n\n\n<p>Esperamos sacar unos singles en estos meses y alguna que otra presentaci\u00f3n, hay que estar \u00a1atentos!<\/p>\n\n\n\n<p>Te compartimos el Live Session de N\u00f3made, dale play, volumen y hagamos ruido.<\/p>\n\n\n\n<figure class=\"wp-block-embed is-type-video is-provider-youtube wp-block-embed-youtube wp-embed-aspect-16-9 wp-has-aspect-ratio\"><div class=\"wp-block-embed__wrapper\">\n<iframe title=\"N\u00f3made - Live Session - Estudio Vista Alegre - LFBK\" width=\"788\" height=\"443\" src=\"https:\/\/www.youtube.com\/embed\/H1W-qBhfHnU?feature=oembed\" frameborder=\"0\" allow=\"accelerometer; autoplay; clipboard-write; encrypted-media; gyroscope; picture-in-picture; web-share\" referrerpolicy=\"strict-origin-when-cross-origin\" allowfullscreen><\/iframe>\n<\/div><\/figure>\n","protected":false},"excerpt":{"rendered":"<p>Con una identidad sonora que transita entre el funk, el jazz y el ambient, N\u00f3made se posiciona como una de las propuestas m\u00e1s sofisticadas de la m\u00fasica local. Nos reunimos con ellos para explorar su universo creativo. Para que la gente los conozca un poco m\u00e1s \u00bfQui\u00e9nes son N\u00f3made y c\u00f3mo surge el proyecto? El<\/p>\n","protected":false},"author":2,"featured_media":2661,"comment_status":"open","ping_status":"open","sticky":false,"template":"","format":"standard","meta":{"footnotes":""},"categories":[21,24],"tags":[621,620,578,619,618,222,617],"class_list":{"0":"post-2659","1":"post","2":"type-post","3":"status-publish","4":"format-standard","5":"has-post-thumbnail","7":"category-musica-sv","8":"category-portada","9":"tag-chill","10":"tag-funk","11":"tag-hagamos-ruido","12":"tag-jazz","13":"tag-live-session","14":"tag-musica-sv","15":"tag-nomade"},"_links":{"self":[{"href":"https:\/\/rockymassv.com\/web\/index.php\/wp-json\/wp\/v2\/posts\/2659","targetHints":{"allow":["GET"]}}],"collection":[{"href":"https:\/\/rockymassv.com\/web\/index.php\/wp-json\/wp\/v2\/posts"}],"about":[{"href":"https:\/\/rockymassv.com\/web\/index.php\/wp-json\/wp\/v2\/types\/post"}],"author":[{"embeddable":true,"href":"https:\/\/rockymassv.com\/web\/index.php\/wp-json\/wp\/v2\/users\/2"}],"replies":[{"embeddable":true,"href":"https:\/\/rockymassv.com\/web\/index.php\/wp-json\/wp\/v2\/comments?post=2659"}],"version-history":[{"count":2,"href":"https:\/\/rockymassv.com\/web\/index.php\/wp-json\/wp\/v2\/posts\/2659\/revisions"}],"predecessor-version":[{"id":2664,"href":"https:\/\/rockymassv.com\/web\/index.php\/wp-json\/wp\/v2\/posts\/2659\/revisions\/2664"}],"wp:featuredmedia":[{"embeddable":true,"href":"https:\/\/rockymassv.com\/web\/index.php\/wp-json\/wp\/v2\/media\/2661"}],"wp:attachment":[{"href":"https:\/\/rockymassv.com\/web\/index.php\/wp-json\/wp\/v2\/media?parent=2659"}],"wp:term":[{"taxonomy":"category","embeddable":true,"href":"https:\/\/rockymassv.com\/web\/index.php\/wp-json\/wp\/v2\/categories?post=2659"},{"taxonomy":"post_tag","embeddable":true,"href":"https:\/\/rockymassv.com\/web\/index.php\/wp-json\/wp\/v2\/tags?post=2659"}],"curies":[{"name":"wp","href":"https:\/\/api.w.org\/{rel}","templated":true}]}}