{"id":2669,"date":"2026-04-28T13:33:55","date_gmt":"2026-04-28T19:33:55","guid":{"rendered":"https:\/\/rockymassv.com\/web\/?p=2669"},"modified":"2026-04-28T13:33:57","modified_gmt":"2026-04-28T19:33:57","slug":"hagamos-ruido-frank-awad","status":"publish","type":"post","link":"https:\/\/rockymassv.com\/web\/index.php\/2026\/04\/28\/hagamos-ruido-frank-awad\/","title":{"rendered":"Hagamos Ruido: Frank Awad"},"content":{"rendered":"\n<p>Frank se perfila como una de las figuras emergentes del pop salvadore\u00f1o, fusionando su propuesta con la esencia del movimiento urbano. Conversamos con \u00e9l para profundizar en los detalles de su proyecto musical.<\/p>\n\n\n\n<p><strong>\u00bfQui\u00e9n es Frank Awad y c\u00f3mo surge tu deseo de hacer m\u00fasica?<\/strong><\/p>\n\n\n\n<p>Soy un joven artista salvadore\u00f1o que encontr\u00f3 en la m\u00fasica una forma de expresarse desde muy peque\u00f1o. Empec\u00e9 jugando con ritmos, escribiendo ideas y acerc\u00e1ndome al rap y al freestyle, que fueron mi primera escuela. Desde ah\u00ed naci\u00f3 el sue\u00f1o de subir a escenarios, conectar con la gente y convertir experiencias reales en canciones. Con el tiempo entend\u00ed que esto no era solo un hobby, sino mi prop\u00f3sito.<\/p>\n\n\n\n<p><strong>Si bien es cierto la m\u00fasica urbana surgi\u00f3 en los sectores m\u00e1s vulnerables de Latinoam\u00e9rica y con narrativas muy cercanas a la cotidianidad en las calles y barrios, ahora parece que el g\u00e9nero se universaliz\u00f3. \u00bfEres consciente de esa historia que arrastra el g\u00e9nero y c\u00f3mo lo percibes actualmente?<\/strong><\/p>\n\n\n\n<p>Totalmente. La m\u00fasica urbana nace como una voz de quienes muchas veces no la ten\u00edan, por eso tiene tanta fuerza y tanta verdad. Viene de la calle, del esfuerzo, de la necesidad de contar historias reales. Hoy el g\u00e9nero creci\u00f3 y se volvi\u00f3 global, pero pienso que no debe perder esa esencia. Actualmente lo veo como un movimiento enorme donde caben distintas propuestas, siempre y cuando haya autenticidad detr\u00e1s de lo que se canta.<\/p>\n\n\n\n<figure class=\"wp-block-image size-large\"><img fetchpriority=\"high\" decoding=\"async\" width=\"849\" height=\"1024\" src=\"https:\/\/rockymassv.com\/web\/wp-content\/uploads\/2026\/04\/d65637f0-56a0-45cf-a618-b5f53c5832b2-849x1024.jpg\" alt=\"\" class=\"wp-image-2670\" srcset=\"https:\/\/rockymassv.com\/web\/wp-content\/uploads\/2026\/04\/d65637f0-56a0-45cf-a618-b5f53c5832b2-849x1024.jpg 849w, https:\/\/rockymassv.com\/web\/wp-content\/uploads\/2026\/04\/d65637f0-56a0-45cf-a618-b5f53c5832b2-249x300.jpg 249w, https:\/\/rockymassv.com\/web\/wp-content\/uploads\/2026\/04\/d65637f0-56a0-45cf-a618-b5f53c5832b2-768x926.jpg 768w, https:\/\/rockymassv.com\/web\/wp-content\/uploads\/2026\/04\/d65637f0-56a0-45cf-a618-b5f53c5832b2-150x181.jpg 150w, https:\/\/rockymassv.com\/web\/wp-content\/uploads\/2026\/04\/d65637f0-56a0-45cf-a618-b5f53c5832b2-450x542.jpg 450w, https:\/\/rockymassv.com\/web\/wp-content\/uploads\/2026\/04\/d65637f0-56a0-45cf-a618-b5f53c5832b2-600x723.jpg 600w, https:\/\/rockymassv.com\/web\/wp-content\/uploads\/2026\/04\/d65637f0-56a0-45cf-a618-b5f53c5832b2.jpg 1100w\" sizes=\"(max-width: 849px) 100vw, 849px\" \/><\/figure>\n\n\n\n<p><strong>Has abierto conciertos para Eladio Carri\u00f3n, Latin Mafia y Ryan Castro, m\u00e1s all\u00e1 de mostrarte a un p\u00fablico masivo, \u00bfqu\u00e9 te han dejado estas experiencias?<\/strong><\/p>\n\n\n\n<p>Me han dejado much\u00edsimo aprendizaje. Ver de cerca c\u00f3mo trabajan artistas grandes, c\u00f3mo manejan la energ\u00eda del escenario y c\u00f3mo conectan con miles de personas te abre la mente. Tambi\u00e9n me confirma que s\u00ed se puede llegar lejos trabajando serio. Cada tarima de esas me motiva a elevar mi nivel y a seguir prepar\u00e1ndome para cuando me toque estar encabezando mis propios shows.<\/p>\n\n\n\n<p><strong>Tu sencillo \u201cVista al Aire\u201d ha tenido muy buena recepci\u00f3n. \u00bfQu\u00e9 significa este tema para tu carrera?<\/strong><\/p>\n\n\n\n<p>Significa una etapa importante porque conecta con una versi\u00f3n m\u00e1s madura de mi sonido. Es una canci\u00f3n fresca, libre y con mucha energ\u00eda, y ver c\u00f3mo la gente la hizo suya me llena de satisfacci\u00f3n. Tambi\u00e9n demuestra que estamos creciendo y encontrando un estilo propio. Para m\u00ed representa confianza en el camino que estamos construyendo.<\/p>\n\n\n\n<p><strong>Finalmente, \u00bfqu\u00e9 se viene para Frank Awad en el futuro pr\u00f3ximo?<\/strong><\/p>\n\n\n\n<p>Se viene mucha m\u00fasica nueva, colaboraciones, m\u00e1s shows y una versi\u00f3n todav\u00eda m\u00e1s s\u00f3lida de m\u00ed como artista. Estoy enfocado en seguir creciendo, llevar mi m\u00fasica fuera de El Salvador y representar al pa\u00eds de la mejor manera. Esto apenas comienza y vienen pasos importantes.<\/p>\n\n\n\n<p>Aqu\u00ed te compartimas su m\u00e1s reciente sencillo &#8220;Vista al aire&#8221;, dale clic y hagamos ruido&#8230;<\/p>\n\n\n\n<figure class=\"wp-block-embed is-type-rich is-provider-spotify wp-block-embed-spotify wp-embed-aspect-21-9 wp-has-aspect-ratio\"><div class=\"wp-block-embed__wrapper\">\n<iframe title=\"Spotify Embed: Vista Al Aire\" style=\"border-radius: 12px\" width=\"100%\" height=\"152\" frameborder=\"0\" allowfullscreen allow=\"autoplay; clipboard-write; encrypted-media; fullscreen; picture-in-picture\" loading=\"lazy\" src=\"https:\/\/open.spotify.com\/embed\/track\/6QGqQAc4tqai2EeeyBHwsF?si=4UuN_-rMRAS5lpDrHvcM_g&amp;utm_source=oembed\"><\/iframe>\n<\/div><\/figure>\n","protected":false},"excerpt":{"rendered":"<p>Frank se perfila como una de las figuras emergentes del pop salvadore\u00f1o, fusionando su propuesta con la esencia del movimiento urbano. Conversamos con \u00e9l para profundizar en los detalles de su proyecto musical. \u00bfQui\u00e9n es Frank Awad y c\u00f3mo surge tu deseo de hacer m\u00fasica? Soy un joven artista salvadore\u00f1o que encontr\u00f3 en la m\u00fasica<\/p>\n","protected":false},"author":2,"featured_media":2671,"comment_status":"open","ping_status":"open","sticky":false,"template":"","format":"standard","meta":{"footnotes":""},"categories":[21,24],"tags":[627,578,222,629],"class_list":{"0":"post-2669","1":"post","2":"type-post","3":"status-publish","4":"format-standard","5":"has-post-thumbnail","7":"category-musica-sv","8":"category-portada","9":"tag-frank-awad","10":"tag-hagamos-ruido","11":"tag-musica-sv","12":"tag-urbano"},"_links":{"self":[{"href":"https:\/\/rockymassv.com\/web\/index.php\/wp-json\/wp\/v2\/posts\/2669","targetHints":{"allow":["GET"]}}],"collection":[{"href":"https:\/\/rockymassv.com\/web\/index.php\/wp-json\/wp\/v2\/posts"}],"about":[{"href":"https:\/\/rockymassv.com\/web\/index.php\/wp-json\/wp\/v2\/types\/post"}],"author":[{"embeddable":true,"href":"https:\/\/rockymassv.com\/web\/index.php\/wp-json\/wp\/v2\/users\/2"}],"replies":[{"embeddable":true,"href":"https:\/\/rockymassv.com\/web\/index.php\/wp-json\/wp\/v2\/comments?post=2669"}],"version-history":[{"count":1,"href":"https:\/\/rockymassv.com\/web\/index.php\/wp-json\/wp\/v2\/posts\/2669\/revisions"}],"predecessor-version":[{"id":2672,"href":"https:\/\/rockymassv.com\/web\/index.php\/wp-json\/wp\/v2\/posts\/2669\/revisions\/2672"}],"wp:featuredmedia":[{"embeddable":true,"href":"https:\/\/rockymassv.com\/web\/index.php\/wp-json\/wp\/v2\/media\/2671"}],"wp:attachment":[{"href":"https:\/\/rockymassv.com\/web\/index.php\/wp-json\/wp\/v2\/media?parent=2669"}],"wp:term":[{"taxonomy":"category","embeddable":true,"href":"https:\/\/rockymassv.com\/web\/index.php\/wp-json\/wp\/v2\/categories?post=2669"},{"taxonomy":"post_tag","embeddable":true,"href":"https:\/\/rockymassv.com\/web\/index.php\/wp-json\/wp\/v2\/tags?post=2669"}],"curies":[{"name":"wp","href":"https:\/\/api.w.org\/{rel}","templated":true}]}}