{"id":2673,"date":"2026-04-29T17:40:56","date_gmt":"2026-04-29T23:40:56","guid":{"rendered":"https:\/\/rockymassv.com\/web\/?p=2673"},"modified":"2026-04-29T17:40:58","modified_gmt":"2026-04-29T23:40:58","slug":"latinoamerica-suena-ojala-de-silvio-rodriguez","status":"publish","type":"post","link":"https:\/\/rockymassv.com\/web\/index.php\/2026\/04\/29\/latinoamerica-suena-ojala-de-silvio-rodriguez\/","title":{"rendered":"Latinoam\u00e9rica Suena: Ojal\u00e1 de Silvio Rodr\u00edguez"},"content":{"rendered":"\n<p><br>Silvio Rodr\u00edguez es uno de los m\u00e1ximos exponentes de la trova cubana y una de las voces m\u00e1s influyentes de la m\u00fasica latinoamericana. Su obra, profundamente ligada a los procesos sociales y pol\u00edticos del continente, lo ha consolidado como un referente art\u00edstico y cultural.<\/p>\n\n\n\n<p><br>En 1978 public\u00f3 el emblem\u00e1tico \u00e1lbum Al final de este viaje, donde aparece Ojal\u00e1, probablemente su tema m\u00e1s reconocido. En aquel contexto, su m\u00fasica estaba estrechamente vinculada a los movimientos sociales de izquierda que atravesaban momentos complejos en la regi\u00f3n, lo que provoc\u00f3 que sus discos fueran censurados o de circulaci\u00f3n limitada en varios pa\u00edses.<\/p>\n\n\n\n<figure class=\"wp-block-image size-full\"><img fetchpriority=\"high\" decoding=\"async\" width=\"413\" height=\"413\" src=\"https:\/\/rockymassv.com\/web\/wp-content\/uploads\/2026\/04\/1000166600.jpg\" alt=\"\" class=\"wp-image-2674\" srcset=\"https:\/\/rockymassv.com\/web\/wp-content\/uploads\/2026\/04\/1000166600.jpg 413w, https:\/\/rockymassv.com\/web\/wp-content\/uploads\/2026\/04\/1000166600-300x300.jpg 300w, https:\/\/rockymassv.com\/web\/wp-content\/uploads\/2026\/04\/1000166600-150x150.jpg 150w, https:\/\/rockymassv.com\/web\/wp-content\/uploads\/2026\/04\/1000166600-336x336.jpg 336w\" sizes=\"(max-width: 413px) 100vw, 413px\" \/><\/figure>\n\n\n\n<p><br>Con el paso del tiempo, y tras eventos hist\u00f3ricos como la firma de los Acuerdos de Paz en El Salvador en 1992, su obra comenz\u00f3 a difundirse con mayor libertad. Para mediados de los a\u00f1os noventa, \u201cOjal\u00e1\u201d vivi\u00f3 un resurgimiento notable: sonaba en bares de San Salvador, en emisoras de radio y en los reproductores de CD y casete de toda una generaci\u00f3n. Fue, sin duda, una canci\u00f3n que renaci\u00f3 y encontr\u00f3 nuevos o\u00eddos.<\/p>\n\n\n\n<p><br>\u201cOjal\u00e1\u201d es una pieza extraordinaria, sostenida por la fuerza \u00edntima de la guitarra ac\u00fastica y la profundidad l\u00edrica caracter\u00edstica de Silvio. Adem\u00e1s, ha estado rodeada de interpretaciones y leyendas \u2014como aquella que sugiere que no fue escrita desde el amor rom\u00e1ntico, sino con una intenci\u00f3n pol\u00edtica\u2014, lo que solo a\u00f1ade misterio a su legado.<\/p>\n\n\n\n<p><br>M\u00e1s all\u00e1 de su origen, \u201cOjal\u00e1\u201d es una joya de la m\u00fasica latinoamericana, una canci\u00f3n atemporal que merece ser redescubierta una y otra vez.<\/p>\n\n\n\n<figure class=\"wp-block-embed is-type-rich is-provider-spotify wp-block-embed-spotify wp-embed-aspect-21-9 wp-has-aspect-ratio\"><div class=\"wp-block-embed__wrapper\">\n<iframe title=\"Spotify Embed: Ojal\u00e1\" style=\"border-radius: 12px\" width=\"100%\" height=\"152\" frameborder=\"0\" allowfullscreen allow=\"autoplay; clipboard-write; encrypted-media; fullscreen; picture-in-picture\" loading=\"lazy\" src=\"https:\/\/open.spotify.com\/embed\/track\/565DPsNoxD83daNkHRJLbM?si=zyEbzusvT7m6TA6Bm4EZrQ&amp;utm_source=oembed\"><\/iframe>\n<\/div><\/figure>\n","protected":false},"excerpt":{"rendered":"<p>Silvio Rodr\u00edguez es uno de los m\u00e1ximos exponentes de la trova cubana y una de las voces m\u00e1s influyentes de la m\u00fasica latinoamericana. Su obra, profundamente ligada a los procesos sociales y pol\u00edticos del continente, lo ha consolidado como un referente art\u00edstico y cultural. En 1978 public\u00f3 el emblem\u00e1tico \u00e1lbum Al final de este viaje,<\/p>\n","protected":false},"author":2,"featured_media":2675,"comment_status":"open","ping_status":"open","sticky":false,"template":"","format":"standard","meta":{"footnotes":""},"categories":[542,22,24],"tags":[33,631,462,630],"class_list":{"0":"post-2673","1":"post","2":"type-post","3":"status-publish","4":"format-standard","5":"has-post-thumbnail","7":"category-cultura","8":"category-musica-latam","9":"category-portada","10":"tag-latinoamerica-suena","11":"tag-ojala","12":"tag-silvio-rodriguez","13":"tag-trova"},"_links":{"self":[{"href":"https:\/\/rockymassv.com\/web\/index.php\/wp-json\/wp\/v2\/posts\/2673","targetHints":{"allow":["GET"]}}],"collection":[{"href":"https:\/\/rockymassv.com\/web\/index.php\/wp-json\/wp\/v2\/posts"}],"about":[{"href":"https:\/\/rockymassv.com\/web\/index.php\/wp-json\/wp\/v2\/types\/post"}],"author":[{"embeddable":true,"href":"https:\/\/rockymassv.com\/web\/index.php\/wp-json\/wp\/v2\/users\/2"}],"replies":[{"embeddable":true,"href":"https:\/\/rockymassv.com\/web\/index.php\/wp-json\/wp\/v2\/comments?post=2673"}],"version-history":[{"count":1,"href":"https:\/\/rockymassv.com\/web\/index.php\/wp-json\/wp\/v2\/posts\/2673\/revisions"}],"predecessor-version":[{"id":2676,"href":"https:\/\/rockymassv.com\/web\/index.php\/wp-json\/wp\/v2\/posts\/2673\/revisions\/2676"}],"wp:featuredmedia":[{"embeddable":true,"href":"https:\/\/rockymassv.com\/web\/index.php\/wp-json\/wp\/v2\/media\/2675"}],"wp:attachment":[{"href":"https:\/\/rockymassv.com\/web\/index.php\/wp-json\/wp\/v2\/media?parent=2673"}],"wp:term":[{"taxonomy":"category","embeddable":true,"href":"https:\/\/rockymassv.com\/web\/index.php\/wp-json\/wp\/v2\/categories?post=2673"},{"taxonomy":"post_tag","embeddable":true,"href":"https:\/\/rockymassv.com\/web\/index.php\/wp-json\/wp\/v2\/tags?post=2673"}],"curies":[{"name":"wp","href":"https:\/\/api.w.org\/{rel}","templated":true}]}}