{"id":2681,"date":"2026-04-30T16:07:04","date_gmt":"2026-04-30T22:07:04","guid":{"rendered":"https:\/\/rockymassv.com\/web\/?p=2681"},"modified":"2026-04-30T16:12:08","modified_gmt":"2026-04-30T22:12:08","slug":"el-ritual-de-xx-anos-arana-celebra-dos-decadas-de-poder-metalero-en-el-salvador","status":"publish","type":"post","link":"https:\/\/rockymassv.com\/web\/index.php\/2026\/04\/30\/el-ritual-de-xx-anos-arana-celebra-dos-decadas-de-poder-metalero-en-el-salvador\/","title":{"rendered":"El Ritual de XX A\u00f1os: ARA\u00d1A celebra dos d\u00e9cadas de poder metalero en El Salvador"},"content":{"rendered":"\n<p>La escena del metal nacional se prepara para una noche hist\u00f3rica. ARA\u00d1A, la banda salvadore\u00f1a que ha definido el sonido del metal tribal y alternativo en la regi\u00f3n, celebra 20 a\u00f1os de trayectoria ininterrumpida. Este aniversario no es solo un concierto, es el &#8220;Ritual de XX A\u00f1os&#8221;, una ceremonia de distorsi\u00f3n y energ\u00eda que marcar\u00e1 un hito en su legado.<\/p>\n\n\n\n<p>El epicentro de este estallido ser\u00e1 el emblem\u00e1tico Bar Medieval en San Salvador, un recinto que ha sido testigo del crecimiento del metal salvadore\u00f1o y que ahora abre sus puertas para esta gala de aniversario.<\/p>\n\n\n\n<p><strong>Presentaci\u00f3n oficial de &#8220;Desde el Origen&#8221;<\/strong><\/p>\n\n\n\n<p>Como plato fuerte de la noche, ARA\u00d1A presentar\u00e1 en vivo su m\u00e1s reciente producci\u00f3n discogr\u00e1fica: el EP \u201cDesde el Origen\u201d. Este nuevo material promete conectar con las ra\u00edces de la banda mientras explora nuevas texturas sonoras, reafirmando por qu\u00e9 siguen siendo referentes tras dos d\u00e9cadas en la brecha.<\/p>\n\n\n\n<figure class=\"wp-block-image size-large\"><img fetchpriority=\"high\" decoding=\"async\" width=\"1024\" height=\"1010\" src=\"https:\/\/rockymassv.com\/web\/wp-content\/uploads\/2026\/04\/WhatsApp-Image-2026-04-30-at-4.01.36-PM-1024x1010.jpeg\" alt=\"\" class=\"wp-image-2682\" srcset=\"https:\/\/rockymassv.com\/web\/wp-content\/uploads\/2026\/04\/WhatsApp-Image-2026-04-30-at-4.01.36-PM-1024x1010.jpeg 1024w, https:\/\/rockymassv.com\/web\/wp-content\/uploads\/2026\/04\/WhatsApp-Image-2026-04-30-at-4.01.36-PM-300x296.jpeg 300w, https:\/\/rockymassv.com\/web\/wp-content\/uploads\/2026\/04\/WhatsApp-Image-2026-04-30-at-4.01.36-PM-768x758.jpeg 768w, https:\/\/rockymassv.com\/web\/wp-content\/uploads\/2026\/04\/WhatsApp-Image-2026-04-30-at-4.01.36-PM-150x148.jpeg 150w, https:\/\/rockymassv.com\/web\/wp-content\/uploads\/2026\/04\/WhatsApp-Image-2026-04-30-at-4.01.36-PM-450x444.jpeg 450w, https:\/\/rockymassv.com\/web\/wp-content\/uploads\/2026\/04\/WhatsApp-Image-2026-04-30-at-4.01.36-PM-600x592.jpeg 600w, https:\/\/rockymassv.com\/web\/wp-content\/uploads\/2026\/04\/WhatsApp-Image-2026-04-30-at-4.01.36-PM.jpeg 1100w\" sizes=\"(max-width: 1024px) 100vw, 1024px\" \/><\/figure>\n\n\n\n<p><strong>Un cartel de lujo: Invitados especiales<\/strong><\/p>\n\n\n\n<p>Para que la celebraci\u00f3n sea total, el escenario contar\u00e1 con la potencia de tres de las bandas m\u00e1s respetadas de la escena local:<\/p>\n\n\n\n<p>Virginia Clemm: Aportando su contundencia y agresividad caracter\u00edstica.<\/p>\n\n\n\n<p>Sunless Oblivion: Elevando la atm\u00f3sfera con su oscuridad y virtuosismo t\u00e9cnico.<\/p>\n\n\n\n<p>Torniquete: Inyectando la dosis perfecta de energ\u00eda para calentar los motores de la audiencia.<\/p>\n\n\n\n<p><strong>Detalles del Evento<\/strong><\/p>\n\n\n\n<p>Fecha: S\u00e1bado 2 de mayo.<\/p>\n\n\n\n<p>Hora: 7:30 p.m.<\/p>\n\n\n\n<p>Lugar: Bar Medieval, San Salvador.<\/p>\n\n\n\n<p>Entradas:<\/p>\n\n\n\n<p>$10.00: Entrada General.<\/p>\n\n\n\n<p>$15.00: Entrada + CD <\/p>\n\n\n\n<p>No te pierdas la oportunidad de ser parte del Ritual de XX A\u00f1os. Ven y celebra dos d\u00e9cadas de resistencia, identidad y puro metal junto a ARA\u00d1A. \u00a1Nos vemos en el mosh!<\/p>\n\n\n\n<p><\/p>\n","protected":false},"excerpt":{"rendered":"<p>La escena del metal nacional se prepara para una noche hist\u00f3rica. ARA\u00d1A, la banda salvadore\u00f1a que ha definido el sonido del metal tribal y alternativo en la regi\u00f3n, celebra 20 a\u00f1os de trayectoria ininterrumpida. Este aniversario no es solo un concierto, es el &#8220;Ritual de XX A\u00f1os&#8221;, una ceremonia de distorsi\u00f3n y energ\u00eda que marcar\u00e1<\/p>\n","protected":false},"author":2,"featured_media":2683,"comment_status":"open","ping_status":"open","sticky":false,"template":"","format":"standard","meta":{"footnotes":""},"categories":[4,21,24],"tags":[238,636,337,639,638,637],"class_list":{"0":"post-2681","1":"post","2":"type-post","3":"status-publish","4":"format-standard","5":"has-post-thumbnail","7":"category-metal","8":"category-musica-sv","9":"category-portada","10":"tag-arana","11":"tag-bar-medieval","12":"tag-metal","13":"tag-sunless-oblivion","14":"tag-torniquete","15":"tag-virginia-clemm"},"_links":{"self":[{"href":"https:\/\/rockymassv.com\/web\/index.php\/wp-json\/wp\/v2\/posts\/2681","targetHints":{"allow":["GET"]}}],"collection":[{"href":"https:\/\/rockymassv.com\/web\/index.php\/wp-json\/wp\/v2\/posts"}],"about":[{"href":"https:\/\/rockymassv.com\/web\/index.php\/wp-json\/wp\/v2\/types\/post"}],"author":[{"embeddable":true,"href":"https:\/\/rockymassv.com\/web\/index.php\/wp-json\/wp\/v2\/users\/2"}],"replies":[{"embeddable":true,"href":"https:\/\/rockymassv.com\/web\/index.php\/wp-json\/wp\/v2\/comments?post=2681"}],"version-history":[{"count":3,"href":"https:\/\/rockymassv.com\/web\/index.php\/wp-json\/wp\/v2\/posts\/2681\/revisions"}],"predecessor-version":[{"id":2686,"href":"https:\/\/rockymassv.com\/web\/index.php\/wp-json\/wp\/v2\/posts\/2681\/revisions\/2686"}],"wp:featuredmedia":[{"embeddable":true,"href":"https:\/\/rockymassv.com\/web\/index.php\/wp-json\/wp\/v2\/media\/2683"}],"wp:attachment":[{"href":"https:\/\/rockymassv.com\/web\/index.php\/wp-json\/wp\/v2\/media?parent=2681"}],"wp:term":[{"taxonomy":"category","embeddable":true,"href":"https:\/\/rockymassv.com\/web\/index.php\/wp-json\/wp\/v2\/categories?post=2681"},{"taxonomy":"post_tag","embeddable":true,"href":"https:\/\/rockymassv.com\/web\/index.php\/wp-json\/wp\/v2\/tags?post=2681"}],"curies":[{"name":"wp","href":"https:\/\/api.w.org\/{rel}","templated":true}]}}