{"id":2888,"date":"2026-09-02T11:00:12","date_gmt":"2026-09-02T17:00:12","guid":{"rendered":"https:\/\/rockymassv.com\/web\/?p=2888"},"modified":"2026-09-02T11:00:14","modified_gmt":"2026-09-02T17:00:14","slug":"muslii-kevin-rhys-e-ireh-unen-musica-y-emociones-en-estar-ahi","status":"publish","type":"post","link":"https:\/\/rockymassv.com\/web\/index.php\/2026\/09\/02\/muslii-kevin-rhys-e-ireh-unen-musica-y-emociones-en-estar-ahi\/","title":{"rendered":"Muslii, Kevin Rhys e Ir\u00e9h unen m\u00fasica y emociones en \u201cEstar ah\u00ed\u201d"},"content":{"rendered":"\n<p class=\"wp-block-paragraph\">La m\u00fasica electr\u00f3nica salvadore\u00f1a sigue encontrando nuevas formas de conectar con el p\u00fablico. Una muestra de ello es \u201cEstar ah\u00ed\u201d, el nuevo sencillo de Muslii, junto al DJ y productor Kevin Rhys y la cantante y creadora de contenido Ir\u00e9h, estrenado el pasado viernes 28 de agosto en todas las plataformas digitales.<\/p>\n\n\n\n<p class=\"wp-block-paragraph\">Muslii, DJ y productor salvadore\u00f1o, ha venido construyendo una propuesta que busca acercar la m\u00fasica electr\u00f3nica a audiencias cada vez m\u00e1s amplias, apostando por un sonido mel\u00f3dico, accesible y cargado de emociones.<\/p>\n\n\n\n<p class=\"wp-block-paragraph\">En \u201cEstar ah\u00ed\u201d, esa b\u00fasqueda toma un giro especialmente personal. La canci\u00f3n nace de una experiencia real de Muslii, quien aborda el final de una relaci\u00f3n que marc\u00f3 su vida hace tres a\u00f1os. Una ruptura que, seg\u00fan relata, represent\u00f3 un golpe fuerte y cuyo proceso de dejar atr\u00e1s se convierte ahora en materia prima para una canci\u00f3n sobre el dolor, la aceptaci\u00f3n y la posibilidad de volver a intentarlo.<\/p>\n\n\n\n<figure class=\"wp-block-image size-large\"><img fetchpriority=\"high\" decoding=\"async\" width=\"1024\" height=\"576\" src=\"https:\/\/rockymassv.com\/web\/wp-content\/uploads\/2026\/09\/IMG_2790-1024x576.jpeg\" alt=\"\" class=\"wp-image-2889\" srcset=\"https:\/\/rockymassv.com\/web\/wp-content\/uploads\/2026\/09\/IMG_2790-1024x576.jpeg 1024w, https:\/\/rockymassv.com\/web\/wp-content\/uploads\/2026\/09\/IMG_2790-300x169.jpeg 300w, https:\/\/rockymassv.com\/web\/wp-content\/uploads\/2026\/09\/IMG_2790-1536x864.jpeg 1536w, https:\/\/rockymassv.com\/web\/wp-content\/uploads\/2026\/09\/IMG_2790-450x253.jpeg 450w, https:\/\/rockymassv.com\/web\/wp-content\/uploads\/2026\/09\/IMG_2790-1200x675.jpeg 1200w, https:\/\/rockymassv.com\/web\/wp-content\/uploads\/2026\/09\/IMG_2790-150x84.jpeg 150w, https:\/\/rockymassv.com\/web\/wp-content\/uploads\/2026\/09\/IMG_2790-599x337.jpeg 599w\" sizes=\"(max-width: 1024px) 100vw, 1024px\" \/><\/figure>\n\n\n\n<p class=\"wp-block-paragraph\">La letra retrata ese proceso de asumir que una historia lleg\u00f3 a su final: \u201cAhora entiendo todo, lo que no funcion\u00f3\u201d. Tambi\u00e9n aparece la frustraci\u00f3n de las promesas que quedaron atr\u00e1s y la dificultad de aceptar una despedida definitiva.<\/p>\n\n\n\n<p class=\"wp-block-paragraph\">El llanto, la vulnerabilidad y las cicatrices emocionales forman parte del relato de \u201cEstar ah\u00ed\u201d, pero la canci\u00f3n no se queda \u00fanicamente en la tristeza. En el fondo, habla de ese momento en el que toca aceptar lo ocurrido y encontrar el valor para seguir adelante.<\/p>\n\n\n\n<p class=\"wp-block-paragraph\">La colaboraci\u00f3n tambi\u00e9n tiene un significado especial para Muslii. Esta es la tercera canci\u00f3n que realiza junto a Kevin Rhys, consolidando una alianza que naci\u00f3 de la amistad y que poco a poco se ha convertido en una sociedad creativa dentro de la m\u00fasica electr\u00f3nica salvadore\u00f1a.<\/p>\n\n\n\n<figure class=\"wp-block-embed is-type-video is-provider-youtube wp-block-embed-youtube wp-embed-aspect-16-9 wp-has-aspect-ratio\"><div class=\"wp-block-embed__wrapper\">\n<iframe title=\"Muslii x Kevin Rhys - ESTAR AH\u00cd (feat. Ir\u00e9h) [Official Music Video]\" width=\"788\" height=\"443\" src=\"https:\/\/www.youtube.com\/embed\/gcFPGXQEGyg?feature=oembed\" frameborder=\"0\" allow=\"accelerometer; autoplay; clipboard-write; encrypted-media; gyroscope; picture-in-picture; web-share\" referrerpolicy=\"strict-origin-when-cross-origin\" allowfullscreen><\/iframe>\n<\/div><\/figure>\n\n\n\n<p class=\"wp-block-paragraph\">Kevin Rhys, DJ y productor de m\u00fasica electr\u00f3nica, ha participado en diferentes eventos y espacios vinculados a la escena nacional, adem\u00e1s de formar parte de la programaci\u00f3n de radio, sumando su experiencia a la producci\u00f3n del nuevo sencillo.<\/p>\n\n\n\n<p class=\"wp-block-paragraph\">Por su parte, la voz de Ir\u00e9h (Iris L\u00f3pez) aporta una dimensi\u00f3n adicional a la canci\u00f3n. Reconocida tambi\u00e9n por su contenido en TikTok, la artista se suma a esta historia para darle voz a una experiencia marcada por el desamor y la necesidad de cerrar ciclos.<\/p>\n\n\n\n<p class=\"wp-block-paragraph\">\u201cEstar ah\u00ed\u201d es, en definitiva, una canci\u00f3n que combina electr\u00f3nica, melod\u00eda y una historia personal para hablar de algo que resulta universal: perder a alguien, aprender a vivir con las cicatrices y, eventualmente, encontrar el valor para volver a estar ah\u00ed.<\/p>\n\n\n\n<p class=\"wp-block-paragraph\">\u201cEstar ah\u00ed\u201d ya est\u00e1 disponible en todas las plataformas digitales, dale play y Hagamos Ruido&#8230;<\/p>\n\n\n\n<figure class=\"wp-block-embed is-type-rich is-provider-spotify wp-block-embed-spotify wp-embed-aspect-21-9 wp-has-aspect-ratio\"><div class=\"wp-block-embed__wrapper\">\n<iframe title=\"Spotify Embed: ESTAR AH\u00cd\" style=\"border-radius: 12px\" width=\"100%\" height=\"352\" frameborder=\"0\" allowfullscreen allow=\"autoplay; clipboard-write; encrypted-media; fullscreen; picture-in-picture\" loading=\"lazy\" src=\"https:\/\/open.spotify.com\/embed\/album\/4WiOZRQdV8uK1ZQmPXmONZ?utm_source=oembed\"><\/iframe>\n<\/div><\/figure>\n","protected":false},"excerpt":{"rendered":"<p>La m\u00fasica electr\u00f3nica salvadore\u00f1a sigue encontrando nuevas formas de conectar con el p\u00fablico. Una muestra de ello es \u201cEstar ah\u00ed\u201d, el nuevo sencillo de Muslii, junto al DJ y productor Kevin Rhys y la cantante y creadora de contenido Ir\u00e9h, estrenado el pasado viernes 28 de agosto en todas las plataformas digitales. Muslii, DJ y<\/p>\n","protected":false},"author":2,"featured_media":2890,"comment_status":"open","ping_status":"open","sticky":false,"template":"","format":"standard","meta":{"footnotes":""},"categories":[681,117,24],"tags":[561,578,812,813,222,811],"class_list":["post-2888","post","type-post","status-publish","format-standard","has-post-thumbnail","category-musica-electronica","category-musica-nueva","category-portada","tag-electronica-2","tag-hagamos-ruido","tag-ireh","tag-kevin-rhys","tag-musica-sv","tag-muslii"],"_links":{"self":[{"href":"https:\/\/rockymassv.com\/web\/index.php\/wp-json\/wp\/v2\/posts\/2888","targetHints":{"allow":["GET"]}}],"collection":[{"href":"https:\/\/rockymassv.com\/web\/index.php\/wp-json\/wp\/v2\/posts"}],"about":[{"href":"https:\/\/rockymassv.com\/web\/index.php\/wp-json\/wp\/v2\/types\/post"}],"author":[{"embeddable":true,"href":"https:\/\/rockymassv.com\/web\/index.php\/wp-json\/wp\/v2\/users\/2"}],"replies":[{"embeddable":true,"href":"https:\/\/rockymassv.com\/web\/index.php\/wp-json\/wp\/v2\/comments?post=2888"}],"version-history":[{"count":1,"href":"https:\/\/rockymassv.com\/web\/index.php\/wp-json\/wp\/v2\/posts\/2888\/revisions"}],"predecessor-version":[{"id":2891,"href":"https:\/\/rockymassv.com\/web\/index.php\/wp-json\/wp\/v2\/posts\/2888\/revisions\/2891"}],"wp:featuredmedia":[{"embeddable":true,"href":"https:\/\/rockymassv.com\/web\/index.php\/wp-json\/wp\/v2\/media\/2890"}],"wp:attachment":[{"href":"https:\/\/rockymassv.com\/web\/index.php\/wp-json\/wp\/v2\/media?parent=2888"}],"wp:term":[{"taxonomy":"category","embeddable":true,"href":"https:\/\/rockymassv.com\/web\/index.php\/wp-json\/wp\/v2\/categories?post=2888"},{"taxonomy":"post_tag","embeddable":true,"href":"https:\/\/rockymassv.com\/web\/index.php\/wp-json\/wp\/v2\/tags?post=2888"}],"curies":[{"name":"wp","href":"https:\/\/api.w.org\/{rel}","templated":true}]}}